{"id":18683,"date":"2022-02-02T09:09:36","date_gmt":"2022-02-02T14:09:36","guid":{"rendered":"https:\/\/www.iftp.org\/?p=18683"},"modified":"2022-02-02T09:11:56","modified_gmt":"2022-02-02T14:11:56","slug":"semaine-de-la-parole-2022-ecouter-la-voix-du-bien-aime","status":"publish","type":"post","link":"https:\/\/iftp.org\/index.php\/2022\/02\/02\/semaine-de-la-parole-2022-ecouter-la-voix-du-bien-aime\/","title":{"rendered":"SEMAINE DE LA PAROLE 2022 &#8211; \u00c9COUTER LA VOIX DU BIEN-AIM\u00c9"},"content":{"rendered":"\n<blockquote class=\"wp-block-quote is-style-large\"><p>Le <em>Cantique des Cantiques<\/em> parle de long en large de l\u2019amour. Le passage qui s\u2019ouvre sur ces mots \u2014 \u00ab\u00a0<em>Voix de mon bien-aim\u00e9<\/em>\u00a0\u00bb (<a rel=\"noreferrer noopener\" href=\"http:\/\/www.interbible.org\/interBible\/ecritures\/bu\/index.php?page=passage&amp;ref=Ct%202,8-17\" target=\"_blank\">Ct 2,8-17<\/a>) \u2013 rec\u00e8le de riches enseignements sur l\u2019amour. C\u2019est donc celui que nous avons choisi.<\/p><cite><em>Anne-Marie Chapleau, interbible.org, 31 janvier 2022<\/em><\/cite><\/blockquote>\n\n\n<p>Lire : <a href=\"http:\/\/www.interbible.org\/interBible\/ecritures\/bu\/index.php?page=passage&amp;ref=Ct%202,8-17\" target=\"_blank\" rel=\"noreferrer noopener\">Ct 2,8-17<\/a> et <a href=\"http:\/\/www.interbible.org\/interBible\/ecritures\/bu\/index.php?bible=acebac&amp;page=passage&amp;ref=Lc%207,36-50\" target=\"_blank\" rel=\"noopener\">Lc&nbsp;7,36-50<\/a><\/p>\n\n\n<p style=\"font-size:18px\">C&rsquo;est le 31 janvier 2022 sur le site <a rel=\"noreferrer noopener\" href=\"http:\/\/www.interbible.org\/interBible\/cithare\/recitatif\/2022\/recitatif_20220131.html?fbclid=IwAR1PuQTGRXMaiKQUq_WQ1iTaxDEBPHF9idmmJIhYeDYifQF0_2gKnbVyrAE\" target=\"_blank\"><em>interbible.org<\/em><\/a> qu&rsquo;<a rel=\"noreferrer noopener\" href=\"http:\/\/www.iftp.org\/wp-content\/uploads\/2018\/07\/P1100399.jpg\" target=\"_blank\">Anne-Marie Chapleau<\/a> a publi\u00e9 cet article sur le th\u00e8me du r\u00e9citatif biblique qu&rsquo;elle et Francine Vincent du dioc\u00e8se Saint-Jean-Longueuil ont offert \u00e0 deux reprises \u00e0 l&rsquo;occasion de la <a rel=\"noreferrer noopener\" href=\"https:\/\/www.dsjl.org\/fr\/semaine-de-la-parole-2022\" target=\"_blank\">Semaine de la Parole 2022<\/a>.<\/p>\n\n\n\n<p style=\"font-size:18px\"><a rel=\"noreferrer noopener\" href=\"http:\/\/www.iftp.org\/wp-content\/uploads\/2022\/02\/INTERBIBLE-31-JANV.-A-M.C.pdf\" target=\"_blank\">Article disponible en t\u00e9l\u00e9chargement<\/a><\/p>\n\n\n\n<p><\/p>\n","protected":false},"excerpt":{"rendered":"<p>Le Cantique des Cantiques parle de long en large de l\u2019amour. Le passage qui s\u2019ouvre sur ces mots \u2014 \u00ab\u00a0Voix de mon bien-aim\u00e9\u00a0\u00bb (Ct 2,8-17) \u2013 rec\u00e8le de riches enseignements sur l\u2019amour. C\u2019est donc celui que nous avons choisi. Anne-Marie Chapleau, interbible.org, 31 janvier 2022 Lire : Ct 2,8-17 et Lc&nbsp;7,36-50 C&rsquo;est le 31 janvier [&hellip;]<\/p>\n","protected":false},"author":6,"featured_media":18685,"comment_status":"closed","ping_status":"open","sticky":false,"template":"","format":"standard","meta":[],"categories":[12],"tags":[85,321,320,272,309],"_links":{"self":[{"href":"https:\/\/iftp.org\/index.php\/wp-json\/wp\/v2\/posts\/18683"}],"collection":[{"href":"https:\/\/iftp.org\/index.php\/wp-json\/wp\/v2\/posts"}],"about":[{"href":"https:\/\/iftp.org\/index.php\/wp-json\/wp\/v2\/types\/post"}],"author":[{"embeddable":true,"href":"https:\/\/iftp.org\/index.php\/wp-json\/wp\/v2\/users\/6"}],"replies":[{"embeddable":true,"href":"https:\/\/iftp.org\/index.php\/wp-json\/wp\/v2\/comments?post=18683"}],"version-history":[{"count":4,"href":"https:\/\/iftp.org\/index.php\/wp-json\/wp\/v2\/posts\/18683\/revisions"}],"predecessor-version":[{"id":19117,"href":"https:\/\/iftp.org\/index.php\/wp-json\/wp\/v2\/posts\/18683\/revisions\/19117"}],"wp:featuredmedia":[{"embeddable":true,"href":"https:\/\/iftp.org\/index.php\/wp-json\/wp\/v2\/media\/18685"}],"wp:attachment":[{"href":"https:\/\/iftp.org\/index.php\/wp-json\/wp\/v2\/media?parent=18683"}],"wp:term":[{"taxonomy":"category","embeddable":true,"href":"https:\/\/iftp.org\/index.php\/wp-json\/wp\/v2\/categories?post=18683"},{"taxonomy":"post_tag","embeddable":true,"href":"https:\/\/iftp.org\/index.php\/wp-json\/wp\/v2\/tags?post=18683"}],"curies":[{"name":"wp","href":"https:\/\/api.w.org\/{rel}","templated":true}]}}