{"id":2018,"date":"2017-04-15T12:59:26","date_gmt":"2017-04-15T16:59:26","guid":{"rendered":"http:\/\/iftp.org\/?p=2018"},"modified":"2018-07-30T13:04:52","modified_gmt":"2018-07-30T17:04:52","slug":"le-dieu-qui-plantait-la-vie","status":"publish","type":"post","link":"https:\/\/iftp.org\/index.php\/2017\/04\/15\/le-dieu-qui-plantait-la-vie\/","title":{"rendered":"Le \u00ab\u2009Dieu qui plantait la vie\u2009\u00bb"},"content":{"rendered":"<p>Le 15 avril 2017, notre coll\u00e8gue Anne-Marie Chapleau publiait l&rsquo;article <em>Le \u00ab\u2009Dieu qui plantait la vie\u2009\u00bb<\/em>\u00a0dans la chronique <em>Spiritualit\u00e9<\/em> du journal le Progr\u00e8s.<\/p>\n<p>Chaque mois dans le journal Progr\u00e8s Week-End (auparavant Progr\u00e8s-Dimanche), une chronique intitul\u00e9e <em>Spiritualit\u00e9\u00a0<\/em>est publi\u00e9e par l&rsquo;un ou l&rsquo;une des membres de l&rsquo;Institut de formation th\u00e9ologique et pastorale.<\/p>\n<h2>Article disponible en t\u00e9l\u00e9chargement<\/h2>\n<p><a href=\"http:\/\/iftp.org\/wp-content\/uploads\/2018\/07\/le_dieu_qui_plantait_la_vie-2.pdf\" target=\"_blank\" rel=\"noopener\">Le \u00ab\u2009Dieu qui plantait la vie\u2009\u00bb (PDF)<\/a><\/p>\n","protected":false},"excerpt":{"rendered":"<p>Le 15 avril 2017, notre coll\u00e8gue Anne-Marie Chapleau publiait l&rsquo;article Le \u00ab\u2009Dieu qui plantait la vie\u2009\u00bb\u00a0dans la chronique Spiritualit\u00e9 du journal le Progr\u00e8s. Chaque mois dans le journal Progr\u00e8s Week-End (auparavant Progr\u00e8s-Dimanche), une chronique intitul\u00e9e Spiritualit\u00e9\u00a0est publi\u00e9e par l&rsquo;un ou l&rsquo;une des membres de l&rsquo;Institut de formation th\u00e9ologique et pastorale. Article disponible en t\u00e9l\u00e9chargement Le [&hellip;]<\/p>\n","protected":false},"author":1,"featured_media":1909,"comment_status":"closed","ping_status":"open","sticky":false,"template":"","format":"standard","meta":[],"categories":[14],"tags":[],"_links":{"self":[{"href":"https:\/\/iftp.org\/index.php\/wp-json\/wp\/v2\/posts\/2018"}],"collection":[{"href":"https:\/\/iftp.org\/index.php\/wp-json\/wp\/v2\/posts"}],"about":[{"href":"https:\/\/iftp.org\/index.php\/wp-json\/wp\/v2\/types\/post"}],"author":[{"embeddable":true,"href":"https:\/\/iftp.org\/index.php\/wp-json\/wp\/v2\/users\/1"}],"replies":[{"embeddable":true,"href":"https:\/\/iftp.org\/index.php\/wp-json\/wp\/v2\/comments?post=2018"}],"version-history":[{"count":1,"href":"https:\/\/iftp.org\/index.php\/wp-json\/wp\/v2\/posts\/2018\/revisions"}],"predecessor-version":[{"id":2023,"href":"https:\/\/iftp.org\/index.php\/wp-json\/wp\/v2\/posts\/2018\/revisions\/2023"}],"wp:featuredmedia":[{"embeddable":true,"href":"https:\/\/iftp.org\/index.php\/wp-json\/wp\/v2\/media\/1909"}],"wp:attachment":[{"href":"https:\/\/iftp.org\/index.php\/wp-json\/wp\/v2\/media?parent=2018"}],"wp:term":[{"taxonomy":"category","embeddable":true,"href":"https:\/\/iftp.org\/index.php\/wp-json\/wp\/v2\/categories?post=2018"},{"taxonomy":"post_tag","embeddable":true,"href":"https:\/\/iftp.org\/index.php\/wp-json\/wp\/v2\/tags?post=2018"}],"curies":[{"name":"wp","href":"https:\/\/api.w.org\/{rel}","templated":true}]}}